{"id":2413,"date":"2019-11-19T20:38:56","date_gmt":"2019-11-19T19:38:56","guid":{"rendered":"https:\/\/annandaniel.com\/conference-in-barcelona-2\/"},"modified":"2023-06-15T12:36:08","modified_gmt":"2023-06-15T10:36:08","slug":"conference-in-barcelona-2","status":"publish","type":"post","link":"https:\/\/annandaniel.com\/es\/conference-in-barcelona-2\/","title":{"rendered":"Conferencia in Barcelona"},"content":{"rendered":"\n<p>Con m\u00e1s de 50 conferencias en tan solo 3 d\u00edas, Bodaf es el congreso m\u00e1s grande especializado en fotograf\u00eda y videograf\u00eda de bodas en Europa. Desde 2010, este evento se ha considerado el lugar perfecto para conocer a los fot\u00f3grafos del futuro.<\/p>\n\n\n\n<p>Aunque no sabemos mucho sobre bodas, nos lo pasamos genial en el escenario hablando sobre creatividad, amor y c\u00f3mo ganarse la vida con la fotograf\u00eda.<\/p>\n\n\n\n<p>Foto: Chusico.<\/p>\n\n\n\n<figure class=\"wp-block-gallery has-nested-images columns-default is-cropped wp-block-gallery-1 is-layout-flex wp-block-gallery-is-layout-flex\">\n<figure class=\"wp-block-image size-large\"><img loading=\"lazy\" decoding=\"async\" width=\"1280\" height=\"853\" data-id=\"973\" src=\"https:\/\/annandaniel.com\/wp-content\/uploads\/2019\/11\/Annandaniel-news_Photoforumfest_Barcelona_Bodaf_Thumbnail.jpg\" alt=\"Bodaf Europe photo forum fest Barcelona Annandaniel Anna Dev\u00eds Daniel Rueda Talk Conference\" class=\"wp-image-973\" srcset=\"https:\/\/annandaniel.com\/wp-content\/uploads\/2019\/11\/Annandaniel-news_Photoforumfest_Barcelona_Bodaf_Thumbnail.jpg 1280w, https:\/\/annandaniel.com\/wp-content\/uploads\/2019\/11\/Annandaniel-news_Photoforumfest_Barcelona_Bodaf_Thumbnail-600x400.jpg 600w, https:\/\/annandaniel.com\/wp-content\/uploads\/2019\/11\/Annandaniel-news_Photoforumfest_Barcelona_Bodaf_Thumbnail-200x133.jpg 200w, https:\/\/annandaniel.com\/wp-content\/uploads\/2019\/11\/Annandaniel-news_Photoforumfest_Barcelona_Bodaf_Thumbnail-768x512.jpg 768w\" sizes=\"auto, (max-width: 1280px) 100vw, 1280px\" \/><\/figure>\n<\/figure>\n\n\n\n<p><\/p>\n","protected":false},"excerpt":{"rendered":"<p>Con m\u00e1s de 50 conferencias en tan solo 3 d\u00edas, Bodaf es el congreso m\u00e1s grande especializado en fotograf\u00eda y&#8230;<\/p>\n","protected":false},"author":2,"featured_media":2089,"comment_status":"open","ping_status":"open","sticky":false,"template":"","format":"standard","meta":{"_acf_changed":false,"footnotes":""},"categories":[113],"tags":[],"class_list":["post-2413","post","type-post","status-publish","format-standard","has-post-thumbnail","hentry","category-talks-es"],"acf":[],"yoast_head":"<!-- This site is optimized with the Yoast SEO plugin v26.9 - https:\/\/yoast.com\/product\/yoast-seo-wordpress\/ -->\n<title>Conferencia in Barcelona | Anna Dev\u00eds and Daniel Rueda<\/title>\n<meta name=\"robots\" content=\"index, follow, max-snippet:-1, max-image-preview:large, max-video-preview:-1\" \/>\n<link rel=\"canonical\" href=\"https:\/\/annandaniel.com\/es\/conference-in-barcelona-2\/\" \/>\n<meta property=\"og:locale\" content=\"es_ES\" \/>\n<meta property=\"og:type\" content=\"article\" \/>\n<meta property=\"og:title\" content=\"Conferencia in Barcelona | Anna Dev\u00eds and Daniel Rueda\" \/>\n<meta property=\"og:description\" content=\"Con m\u00e1s de 50 conferencias en tan solo 3 d\u00edas, Bodaf es el congreso m\u00e1s grande especializado en fotograf\u00eda y...\" \/>\n<meta property=\"og:url\" content=\"https:\/\/annandaniel.com\/es\/conference-in-barcelona-2\/\" \/>\n<meta property=\"og:site_name\" content=\"Anna Dev\u00eds and Daniel Rueda\" \/>\n<meta property=\"article:publisher\" content=\"https:\/\/www.facebook.com\/anniset.drcuerda\/\" \/>\n<meta property=\"article:published_time\" content=\"2019-11-19T19:38:56+00:00\" \/>\n<meta property=\"article:modified_time\" content=\"2023-06-15T10:36:08+00:00\" \/>\n<meta property=\"og:image\" content=\"https:\/\/annandaniel.com\/wp-content\/uploads\/2019\/11\/Annandaniel-news_Photoforumfest_Barcelona_Bodaf_Thumbnail.jpg\" \/>\n\t<meta property=\"og:image:width\" content=\"1280\" \/>\n\t<meta property=\"og:image:height\" content=\"853\" \/>\n\t<meta property=\"og:image:type\" content=\"image\/jpeg\" \/>\n<meta name=\"author\" content=\"admin_annandaniel\" \/>\n<meta name=\"twitter:card\" content=\"summary_large_image\" \/>\n<meta name=\"twitter:label1\" content=\"Escrito por\" \/>\n\t<meta name=\"twitter:data1\" content=\"admin_annandaniel\" \/>\n\t<meta name=\"twitter:label2\" content=\"Tiempo de lectura\" \/>\n\t<meta name=\"twitter:data2\" content=\"1 minuto\" \/>\n<script type=\"application\/ld+json\" class=\"yoast-schema-graph\">{\"@context\":\"https:\/\/schema.org\",\"@graph\":[{\"@type\":\"Article\",\"@id\":\"https:\/\/annandaniel.com\/es\/conference-in-barcelona-2\/#article\",\"isPartOf\":{\"@id\":\"https:\/\/annandaniel.com\/es\/conference-in-barcelona-2\/\"},\"author\":{\"name\":\"admin_annandaniel\",\"@id\":\"https:\/\/annandaniel.com\/es\/#\/schema\/person\/6e366e9e7c9f964b21f762d015520d08\"},\"headline\":\"Conferencia in Barcelona\",\"datePublished\":\"2019-11-19T19:38:56+00:00\",\"dateModified\":\"2023-06-15T10:36:08+00:00\",\"mainEntityOfPage\":{\"@id\":\"https:\/\/annandaniel.com\/es\/conference-in-barcelona-2\/\"},\"wordCount\":77,\"commentCount\":0,\"image\":{\"@id\":\"https:\/\/annandaniel.com\/es\/conference-in-barcelona-2\/#primaryimage\"},\"thumbnailUrl\":\"https:\/\/annandaniel.com\/wp-content\/uploads\/2019\/11\/Annandaniel-news_Photoforumfest_Barcelona_Bodaf_Thumbnail.jpg\",\"articleSection\":[\"Talks\"],\"inLanguage\":\"es\",\"potentialAction\":[{\"@type\":\"CommentAction\",\"name\":\"Comment\",\"target\":[\"https:\/\/annandaniel.com\/es\/conference-in-barcelona-2\/#respond\"]}]},{\"@type\":\"WebPage\",\"@id\":\"https:\/\/annandaniel.com\/es\/conference-in-barcelona-2\/\",\"url\":\"https:\/\/annandaniel.com\/es\/conference-in-barcelona-2\/\",\"name\":\"Conferencia in Barcelona | Anna Dev\u00eds and Daniel Rueda\",\"isPartOf\":{\"@id\":\"https:\/\/annandaniel.com\/es\/#website\"},\"primaryImageOfPage\":{\"@id\":\"https:\/\/annandaniel.com\/es\/conference-in-barcelona-2\/#primaryimage\"},\"image\":{\"@id\":\"https:\/\/annandaniel.com\/es\/conference-in-barcelona-2\/#primaryimage\"},\"thumbnailUrl\":\"https:\/\/annandaniel.com\/wp-content\/uploads\/2019\/11\/Annandaniel-news_Photoforumfest_Barcelona_Bodaf_Thumbnail.jpg\",\"datePublished\":\"2019-11-19T19:38:56+00:00\",\"dateModified\":\"2023-06-15T10:36:08+00:00\",\"author\":{\"@id\":\"https:\/\/annandaniel.com\/es\/#\/schema\/person\/6e366e9e7c9f964b21f762d015520d08\"},\"breadcrumb\":{\"@id\":\"https:\/\/annandaniel.com\/es\/conference-in-barcelona-2\/#breadcrumb\"},\"inLanguage\":\"es\",\"potentialAction\":[{\"@type\":\"ReadAction\",\"target\":[\"https:\/\/annandaniel.com\/es\/conference-in-barcelona-2\/\"]}]},{\"@type\":\"ImageObject\",\"inLanguage\":\"es\",\"@id\":\"https:\/\/annandaniel.com\/es\/conference-in-barcelona-2\/#primaryimage\",\"url\":\"https:\/\/annandaniel.com\/wp-content\/uploads\/2019\/11\/Annandaniel-news_Photoforumfest_Barcelona_Bodaf_Thumbnail.jpg\",\"contentUrl\":\"https:\/\/annandaniel.com\/wp-content\/uploads\/2019\/11\/Annandaniel-news_Photoforumfest_Barcelona_Bodaf_Thumbnail.jpg\",\"width\":1280,\"height\":853,\"caption\":\"Image by Chusico\"},{\"@type\":\"BreadcrumbList\",\"@id\":\"https:\/\/annandaniel.com\/es\/conference-in-barcelona-2\/#breadcrumb\",\"itemListElement\":[{\"@type\":\"ListItem\",\"position\":1,\"name\":\"Portada\",\"item\":\"https:\/\/annandaniel.com\/es\/\"},{\"@type\":\"ListItem\",\"position\":2,\"name\":\"Conferencia in Barcelona\"}]},{\"@type\":\"WebSite\",\"@id\":\"https:\/\/annandaniel.com\/es\/#website\",\"url\":\"https:\/\/annandaniel.com\/es\/\",\"name\":\"Anna Dev\u00eds and Daniel Rueda\",\"description\":\"Creative duo Anna Dev\u00eds and Daniel Rueda tell stories through fun and surprising images taken in unexpected locations from all around the world.\",\"potentialAction\":[{\"@type\":\"SearchAction\",\"target\":{\"@type\":\"EntryPoint\",\"urlTemplate\":\"https:\/\/annandaniel.com\/es\/?s={search_term_string}\"},\"query-input\":{\"@type\":\"PropertyValueSpecification\",\"valueRequired\":true,\"valueName\":\"search_term_string\"}}],\"inLanguage\":\"es\"},{\"@type\":\"Person\",\"@id\":\"https:\/\/annandaniel.com\/es\/#\/schema\/person\/6e366e9e7c9f964b21f762d015520d08\",\"name\":\"admin_annandaniel\",\"image\":{\"@type\":\"ImageObject\",\"inLanguage\":\"es\",\"@id\":\"https:\/\/annandaniel.com\/es\/#\/schema\/person\/image\/\",\"url\":\"https:\/\/secure.gravatar.com\/avatar\/5b56a3f7a3b5da0e6dd84b1ee9319f7f96777bafb6d47754d674b067c846fad9?s=96&d=mm&r=g\",\"contentUrl\":\"https:\/\/secure.gravatar.com\/avatar\/5b56a3f7a3b5da0e6dd84b1ee9319f7f96777bafb6d47754d674b067c846fad9?s=96&d=mm&r=g\",\"caption\":\"admin_annandaniel\"}}]}<\/script>\n<!-- \/ Yoast SEO plugin. -->","yoast_head_json":{"title":"Conferencia in Barcelona | Anna Dev\u00eds and Daniel Rueda","robots":{"index":"index","follow":"follow","max-snippet":"max-snippet:-1","max-image-preview":"max-image-preview:large","max-video-preview":"max-video-preview:-1"},"canonical":"https:\/\/annandaniel.com\/es\/conference-in-barcelona-2\/","og_locale":"es_ES","og_type":"article","og_title":"Conferencia in Barcelona | Anna Dev\u00eds and Daniel Rueda","og_description":"Con m\u00e1s de 50 conferencias en tan solo 3 d\u00edas, Bodaf es el congreso m\u00e1s grande especializado en fotograf\u00eda y...","og_url":"https:\/\/annandaniel.com\/es\/conference-in-barcelona-2\/","og_site_name":"Anna Dev\u00eds and Daniel Rueda","article_publisher":"https:\/\/www.facebook.com\/anniset.drcuerda\/","article_published_time":"2019-11-19T19:38:56+00:00","article_modified_time":"2023-06-15T10:36:08+00:00","og_image":[{"width":1280,"height":853,"url":"https:\/\/annandaniel.com\/wp-content\/uploads\/2019\/11\/Annandaniel-news_Photoforumfest_Barcelona_Bodaf_Thumbnail.jpg","type":"image\/jpeg"}],"author":"admin_annandaniel","twitter_card":"summary_large_image","twitter_misc":{"Escrito por":"admin_annandaniel","Tiempo de lectura":"1 minuto"},"schema":{"@context":"https:\/\/schema.org","@graph":[{"@type":"Article","@id":"https:\/\/annandaniel.com\/es\/conference-in-barcelona-2\/#article","isPartOf":{"@id":"https:\/\/annandaniel.com\/es\/conference-in-barcelona-2\/"},"author":{"name":"admin_annandaniel","@id":"https:\/\/annandaniel.com\/es\/#\/schema\/person\/6e366e9e7c9f964b21f762d015520d08"},"headline":"Conferencia in Barcelona","datePublished":"2019-11-19T19:38:56+00:00","dateModified":"2023-06-15T10:36:08+00:00","mainEntityOfPage":{"@id":"https:\/\/annandaniel.com\/es\/conference-in-barcelona-2\/"},"wordCount":77,"commentCount":0,"image":{"@id":"https:\/\/annandaniel.com\/es\/conference-in-barcelona-2\/#primaryimage"},"thumbnailUrl":"https:\/\/annandaniel.com\/wp-content\/uploads\/2019\/11\/Annandaniel-news_Photoforumfest_Barcelona_Bodaf_Thumbnail.jpg","articleSection":["Talks"],"inLanguage":"es","potentialAction":[{"@type":"CommentAction","name":"Comment","target":["https:\/\/annandaniel.com\/es\/conference-in-barcelona-2\/#respond"]}]},{"@type":"WebPage","@id":"https:\/\/annandaniel.com\/es\/conference-in-barcelona-2\/","url":"https:\/\/annandaniel.com\/es\/conference-in-barcelona-2\/","name":"Conferencia in Barcelona | Anna Dev\u00eds and Daniel Rueda","isPartOf":{"@id":"https:\/\/annandaniel.com\/es\/#website"},"primaryImageOfPage":{"@id":"https:\/\/annandaniel.com\/es\/conference-in-barcelona-2\/#primaryimage"},"image":{"@id":"https:\/\/annandaniel.com\/es\/conference-in-barcelona-2\/#primaryimage"},"thumbnailUrl":"https:\/\/annandaniel.com\/wp-content\/uploads\/2019\/11\/Annandaniel-news_Photoforumfest_Barcelona_Bodaf_Thumbnail.jpg","datePublished":"2019-11-19T19:38:56+00:00","dateModified":"2023-06-15T10:36:08+00:00","author":{"@id":"https:\/\/annandaniel.com\/es\/#\/schema\/person\/6e366e9e7c9f964b21f762d015520d08"},"breadcrumb":{"@id":"https:\/\/annandaniel.com\/es\/conference-in-barcelona-2\/#breadcrumb"},"inLanguage":"es","potentialAction":[{"@type":"ReadAction","target":["https:\/\/annandaniel.com\/es\/conference-in-barcelona-2\/"]}]},{"@type":"ImageObject","inLanguage":"es","@id":"https:\/\/annandaniel.com\/es\/conference-in-barcelona-2\/#primaryimage","url":"https:\/\/annandaniel.com\/wp-content\/uploads\/2019\/11\/Annandaniel-news_Photoforumfest_Barcelona_Bodaf_Thumbnail.jpg","contentUrl":"https:\/\/annandaniel.com\/wp-content\/uploads\/2019\/11\/Annandaniel-news_Photoforumfest_Barcelona_Bodaf_Thumbnail.jpg","width":1280,"height":853,"caption":"Image by Chusico"},{"@type":"BreadcrumbList","@id":"https:\/\/annandaniel.com\/es\/conference-in-barcelona-2\/#breadcrumb","itemListElement":[{"@type":"ListItem","position":1,"name":"Portada","item":"https:\/\/annandaniel.com\/es\/"},{"@type":"ListItem","position":2,"name":"Conferencia in Barcelona"}]},{"@type":"WebSite","@id":"https:\/\/annandaniel.com\/es\/#website","url":"https:\/\/annandaniel.com\/es\/","name":"Anna Dev\u00eds and Daniel Rueda","description":"Creative duo Anna Dev\u00eds and Daniel Rueda tell stories through fun and surprising images taken in unexpected locations from all around the world.","potentialAction":[{"@type":"SearchAction","target":{"@type":"EntryPoint","urlTemplate":"https:\/\/annandaniel.com\/es\/?s={search_term_string}"},"query-input":{"@type":"PropertyValueSpecification","valueRequired":true,"valueName":"search_term_string"}}],"inLanguage":"es"},{"@type":"Person","@id":"https:\/\/annandaniel.com\/es\/#\/schema\/person\/6e366e9e7c9f964b21f762d015520d08","name":"admin_annandaniel","image":{"@type":"ImageObject","inLanguage":"es","@id":"https:\/\/annandaniel.com\/es\/#\/schema\/person\/image\/","url":"https:\/\/secure.gravatar.com\/avatar\/5b56a3f7a3b5da0e6dd84b1ee9319f7f96777bafb6d47754d674b067c846fad9?s=96&d=mm&r=g","contentUrl":"https:\/\/secure.gravatar.com\/avatar\/5b56a3f7a3b5da0e6dd84b1ee9319f7f96777bafb6d47754d674b067c846fad9?s=96&d=mm&r=g","caption":"admin_annandaniel"}}]}},"_links":{"self":[{"href":"https:\/\/annandaniel.com\/es\/wp-json\/wp\/v2\/posts\/2413","targetHints":{"allow":["GET"]}}],"collection":[{"href":"https:\/\/annandaniel.com\/es\/wp-json\/wp\/v2\/posts"}],"about":[{"href":"https:\/\/annandaniel.com\/es\/wp-json\/wp\/v2\/types\/post"}],"author":[{"embeddable":true,"href":"https:\/\/annandaniel.com\/es\/wp-json\/wp\/v2\/users\/2"}],"replies":[{"embeddable":true,"href":"https:\/\/annandaniel.com\/es\/wp-json\/wp\/v2\/comments?post=2413"}],"version-history":[{"count":0,"href":"https:\/\/annandaniel.com\/es\/wp-json\/wp\/v2\/posts\/2413\/revisions"}],"wp:featuredmedia":[{"embeddable":true,"href":"https:\/\/annandaniel.com\/es\/wp-json\/wp\/v2\/media\/2089"}],"wp:attachment":[{"href":"https:\/\/annandaniel.com\/es\/wp-json\/wp\/v2\/media?parent=2413"}],"wp:term":[{"taxonomy":"category","embeddable":true,"href":"https:\/\/annandaniel.com\/es\/wp-json\/wp\/v2\/categories?post=2413"},{"taxonomy":"post_tag","embeddable":true,"href":"https:\/\/annandaniel.com\/es\/wp-json\/wp\/v2\/tags?post=2413"}],"curies":[{"name":"wp","href":"https:\/\/api.w.org\/{rel}","templated":true}]}}